{"id":30396,"date":"2024-08-30T18:00:33","date_gmt":"2024-08-30T16:00:33","guid":{"rendered":"https:\/\/revierwelt.de\/index.php\/leica-leitz-park-fest-in-wetzlar\/"},"modified":"2024-09-01T18:00:55","modified_gmt":"2024-09-01T16:00:55","slug":"leica-leitz-park-fest-in-wetzlar","status":"publish","type":"post","link":"https:\/\/revierwelt.de\/index.php\/leica-leitz-park-fest-in-wetzlar\/","title":{"rendered":"Leica Leitz-Park Fest in Wetzlar"},"content":{"rendered":"<h1>Leica Leitz-Park Fest in Wetzlar<\/h1>\n<p>Der Leitz-Park in Wetzlar l\u00e4dt am 7. September 2024 von 10 bis 21 Uhr zu einem gro\u00dfen Fest rund um die Welt der Optik und Fotografie ein. Besucher d\u00fcrfen sich auf einen Tag der offenen T\u00fcr voller Innovation, Fotokunst und Programmpunkten f\u00fcr die ganze Familie freuen. Neben der Leica Camera AG und der Leica Welt pr\u00e4sentieren sich auch die weiteren im Leitz-Park ans\u00e4ssigen Unternehmen und gew\u00e4hren exklusive Einblicke.<\/p>\n<p>Selbstverst\u00e4ndlich werden auch die Produkte der Leica Sportoptik pr\u00e4sentiert, der Jagdverein &#8222;Hubertus&#8220; Gie\u00dfen wird mit Personal vor Ort sein und es wird F\u00fchrungen im Naturlehrpfad mit Nanette Roland geben. Allen Interessierten viel Freude bei dieser Veranstaltung.<\/p>\n<p>Waidmannsheil!<\/p>\n<p>Ihr Revierwelt-Team<\/p>\n<p><img decoding=\"async\" src=\"https:\/\/api.revierwelt.de\/query\/file.php?id=133480165&#038;c=56669b43eb910ced6b5a83c0e835ea58&#038;ts=56669b43eb910ced6b5a83c0e835ea58&#038;embedded=1\" width=\"100%\" \/><\/p>\n","protected":false},"excerpt":{"rendered":"<p>Leica Leitz-Park Fest in Wetzlar Der Leitz-Park in Wetzlar l\u00e4dt am 7. September 2024 von 10 bis 21 Uhr zu einem gro\u00dfen Fest rund um die Welt der Optik und Fotografie ein. Besucher d\u00fcrfen sich auf einen Tag der offenen T\u00fcr voller Innovation, Fotokunst und Programmpunkten f\u00fcr die ganze Familie freuen. Neben der Leica Camera&#8230;<\/p>\n","protected":false},"author":1,"featured_media":30400,"comment_status":"closed","ping_status":"closed","sticky":false,"template":"","format":"standard","meta":{"footnotes":""},"categories":[1],"tags":[],"class_list":["post-30396","post","type-post","status-publish","format-standard","has-post-thumbnail","hentry","category-allgemein"],"_links":{"self":[{"href":"https:\/\/revierwelt.de\/index.php\/wp-json\/wp\/v2\/posts\/30396","targetHints":{"allow":["GET"]}}],"collection":[{"href":"https:\/\/revierwelt.de\/index.php\/wp-json\/wp\/v2\/posts"}],"about":[{"href":"https:\/\/revierwelt.de\/index.php\/wp-json\/wp\/v2\/types\/post"}],"author":[{"embeddable":true,"href":"https:\/\/revierwelt.de\/index.php\/wp-json\/wp\/v2\/users\/1"}],"replies":[{"embeddable":true,"href":"https:\/\/revierwelt.de\/index.php\/wp-json\/wp\/v2\/comments?post=30396"}],"version-history":[{"count":0,"href":"https:\/\/revierwelt.de\/index.php\/wp-json\/wp\/v2\/posts\/30396\/revisions"}],"wp:featuredmedia":[{"embeddable":true,"href":"https:\/\/revierwelt.de\/index.php\/wp-json\/wp\/v2\/media\/30400"}],"wp:attachment":[{"href":"https:\/\/revierwelt.de\/index.php\/wp-json\/wp\/v2\/media?parent=30396"}],"wp:term":[{"taxonomy":"category","embeddable":true,"href":"https:\/\/revierwelt.de\/index.php\/wp-json\/wp\/v2\/categories?post=30396"},{"taxonomy":"post_tag","embeddable":true,"href":"https:\/\/revierwelt.de\/index.php\/wp-json\/wp\/v2\/tags?post=30396"}],"curies":[{"name":"wp","href":"https:\/\/api.w.org\/{rel}","templated":true}]}}